{"id":1776,"date":"2021-05-18T11:05:43","date_gmt":"2021-05-18T11:05:43","guid":{"rendered":"http:\/\/dianadavid.net\/?p=1776"},"modified":"2021-05-18T11:05:45","modified_gmt":"2021-05-18T11:05:45","slug":"iv-jornadas-de-comunicacao-e-multimedia","status":"publish","type":"post","link":"https:\/\/dianadavid.net\/index.php\/2021\/05\/18\/iv-jornadas-de-comunicacao-e-multimedia\/","title":{"rendered":"IV Jornadas de Comunica\u00e7\u00e3o e Multim\u00e9dia"},"content":{"rendered":"\n<p>I was invited to talk about my carrer as a Digital Artist at UTAD &#8211; Universidade de Tr\u00e1s-os-Montes e Alto Douro.<\/p>\n\n\n\n<figure class=\"wp-block-gallery columns-2 is-cropped wp-block-gallery-1 is-layout-flex wp-block-gallery-is-layout-flex\"><ul class=\"blocks-gallery-grid\"><li class=\"blocks-gallery-item\"><figure><img loading=\"lazy\" decoding=\"async\" width=\"478\" height=\"599\" src=\"http:\/\/dianadavid.net\/wp-content\/uploads\/2021\/05\/A02-1.png\" alt=\"\" data-id=\"1778\" data-full-url=\"http:\/\/dianadavid.net\/wp-content\/uploads\/2021\/05\/A02-1.png\" data-link=\"http:\/\/dianadavid.net\/?attachment_id=1778\" class=\"wp-image-1778\" srcset=\"https:\/\/dianadavid.net\/wp-content\/uploads\/2021\/05\/A02-1.png 478w, https:\/\/dianadavid.net\/wp-content\/uploads\/2021\/05\/A02-1-239x300.png 239w\" sizes=\"auto, (max-width: 478px) 100vw, 478px\" \/><\/figure><\/li><li class=\"blocks-gallery-item\"><figure><img loading=\"lazy\" decoding=\"async\" width=\"478\" height=\"599\" src=\"http:\/\/dianadavid.net\/wp-content\/uploads\/2021\/05\/A01.png\" alt=\"\" data-id=\"1779\" data-full-url=\"http:\/\/dianadavid.net\/wp-content\/uploads\/2021\/05\/A01.png\" data-link=\"http:\/\/dianadavid.net\/?attachment_id=1779\" class=\"wp-image-1779\" srcset=\"https:\/\/dianadavid.net\/wp-content\/uploads\/2021\/05\/A01.png 478w, https:\/\/dianadavid.net\/wp-content\/uploads\/2021\/05\/A01-239x300.png 239w\" sizes=\"auto, (max-width: 478px) 100vw, 478px\" \/><\/figure><\/li><\/ul><\/figure>\n","protected":false},"excerpt":{"rendered":"<p>I was invited to talk about my carrer as a Digital Artist at UTAD &#8211; Universidade de Tr\u00e1s-os-Montes e Alto Douro.<\/p>\n","protected":false},"author":1,"featured_media":1778,"comment_status":"open","ping_status":"open","sticky":false,"template":"","format":"standard","meta":{"footnotes":""},"categories":[1],"tags":[52],"class_list":["post-1776","post","type-post","status-publish","format-standard","has-post-thumbnail","hentry","category-uncategorized","tag-careers","entry","has-media"],"_links":{"self":[{"href":"https:\/\/dianadavid.net\/index.php\/wp-json\/wp\/v2\/posts\/1776","targetHints":{"allow":["GET"]}}],"collection":[{"href":"https:\/\/dianadavid.net\/index.php\/wp-json\/wp\/v2\/posts"}],"about":[{"href":"https:\/\/dianadavid.net\/index.php\/wp-json\/wp\/v2\/types\/post"}],"author":[{"embeddable":true,"href":"https:\/\/dianadavid.net\/index.php\/wp-json\/wp\/v2\/users\/1"}],"replies":[{"embeddable":true,"href":"https:\/\/dianadavid.net\/index.php\/wp-json\/wp\/v2\/comments?post=1776"}],"version-history":[{"count":1,"href":"https:\/\/dianadavid.net\/index.php\/wp-json\/wp\/v2\/posts\/1776\/revisions"}],"predecessor-version":[{"id":1780,"href":"https:\/\/dianadavid.net\/index.php\/wp-json\/wp\/v2\/posts\/1776\/revisions\/1780"}],"wp:featuredmedia":[{"embeddable":true,"href":"https:\/\/dianadavid.net\/index.php\/wp-json\/wp\/v2\/media\/1778"}],"wp:attachment":[{"href":"https:\/\/dianadavid.net\/index.php\/wp-json\/wp\/v2\/media?parent=1776"}],"wp:term":[{"taxonomy":"category","embeddable":true,"href":"https:\/\/dianadavid.net\/index.php\/wp-json\/wp\/v2\/categories?post=1776"},{"taxonomy":"post_tag","embeddable":true,"href":"https:\/\/dianadavid.net\/index.php\/wp-json\/wp\/v2\/tags?post=1776"}],"curies":[{"name":"wp","href":"https:\/\/api.w.org\/{rel}","templated":true}]}}